{"id":5362,"date":"2022-01-02T08:57:21","date_gmt":"2022-01-02T08:57:21","guid":{"rendered":"https:\/\/rucksackblog.de\/?p=5362"},"modified":"2025-04-23T14:47:27","modified_gmt":"2025-04-23T14:47:27","slug":"chichen-itza","status":"publish","type":"post","link":"https:\/\/www.rucksackblog.de\/?p=5362","title":{"rendered":"Mexiko: Chich\u00e9n Itz\u00e1"},"content":{"rendered":"\n<figure class=\"wp-block-image size-large\"><img loading=\"lazy\" decoding=\"async\" width=\"1024\" height=\"768\" src=\"https:\/\/rucksackblog.de\/wp-content\/uploads\/2022\/01\/Chichen-Itza-1024x768.jpg\" alt=\"\" class=\"wp-image-5399\" srcset=\"https:\/\/www.rucksackblog.de\/wp-content\/uploads\/2022\/01\/Chichen-Itza-1024x768.jpg 1024w, https:\/\/www.rucksackblog.de\/wp-content\/uploads\/2022\/01\/Chichen-Itza-300x225.jpg 300w, https:\/\/www.rucksackblog.de\/wp-content\/uploads\/2022\/01\/Chichen-Itza-768x576.jpg 768w, https:\/\/www.rucksackblog.de\/wp-content\/uploads\/2022\/01\/Chichen-Itza-1536x1152.jpg 1536w, https:\/\/www.rucksackblog.de\/wp-content\/uploads\/2022\/01\/Chichen-Itza-2048x1536.jpg 2048w, https:\/\/www.rucksackblog.de\/wp-content\/uploads\/2022\/01\/Chichen-Itza-640x480.jpg 640w, https:\/\/www.rucksackblog.de\/wp-content\/uploads\/2022\/01\/Chichen-Itza-520x390.jpg 520w, https:\/\/www.rucksackblog.de\/wp-content\/uploads\/2022\/01\/Chichen-Itza-740x555.jpg 740w\" sizes=\"auto, (max-width: 1024px) 100vw, 1024px\" \/><\/figure>\n\n\n\n<div style=\"height:20px\" aria-hidden=\"true\" class=\"wp-block-spacer\"><\/div>\n\n\n\n<h2 class=\"wp-block-heading\"><strong>Das Zentrum der Mayas und Weltwunder&nbsp;der Moderne<\/strong><\/h2>\n\n\n\n<div style=\"height:22px\" aria-hidden=\"true\" class=\"wp-block-spacer\"><\/div>\n\n\n\n<h2 class=\"wp-block-heading\"><strong>Tag 14, Dienstag: Unser dritter Ausflug&nbsp;<\/strong><\/h2>\n\n\n\n<p>Die Zeit verflog wie immer viel zu schnell. Mexiko gefiel uns sehr gut und da wir noch ein paar weitere Sehensw\u00fcrdigkeiten entdecken wollten freuen wir uns schon riesig auf unsere zweite gro\u00dfe Tour. \u00dcberp\u00fcnktlich standen wir um 7:30 Uhr an der Lobby und warteten auf unseren Abholservice, der uns zu einer Tankstelle in der N\u00e4he brachte, wo wir abgeholt werden sollten und so war es auch. Wir hatten keine Ahnung wie unser Tourguide Tanya aussah, bis jetzt kannten wir nur ihre Stimme von Sprachnachricht. Der Fahrer lie\u00df uns an der Tankstelle raus und da stand sie wirklich, Tanya wartetet schon auf uns. Wir umarmten uns und schon ging es direkt los. Unsere drei Ziele f\u00fcr heute: <strong>Chich\u00e9n Itz\u00e1<\/strong>, eine Abk\u00fchlung in einer <strong>Cenote<\/strong> und die <strong>Besichtigung von Valladolid<\/strong>, eine Kleinstadt im Osten des mexikanischen Bundesstaates Yukat\u00e1n, die man unbedingt gesehen haben sollte.<br>Wir verstanden uns auf Anhieb mit ihr, die Kommunikation in deutscher Sprache erleichterte einiges und da wir nur zu dritt im Auto sa\u00dfen, hatten wir viel Zeit unsere Fragen zu stellen. Sie sprach perfekt Deutsch, sie hatte vor ein paar Jahre in Heidelberg gelebt. Fr\u00e4nn sa\u00df vorne im Auto und lie\u00df es sich nicht nehmen jede m\u00f6gliche Frage, die ihr spontan einfiel, zu stellen.<\/p>\n\n\n\n<div style=\"height:20px\" aria-hidden=\"true\" class=\"wp-block-spacer\"><\/div>\n\n\n\n<figure class=\"wp-block-image size-large\"><img loading=\"lazy\" decoding=\"async\" width=\"1024\" height=\"768\" src=\"https:\/\/rucksackblog.de\/wp-content\/uploads\/2022\/01\/87_Mexiko_1-1024x768.jpg\" alt=\"\" class=\"wp-image-5374\" srcset=\"https:\/\/www.rucksackblog.de\/wp-content\/uploads\/2022\/01\/87_Mexiko_1-1024x768.jpg 1024w, https:\/\/www.rucksackblog.de\/wp-content\/uploads\/2022\/01\/87_Mexiko_1-300x225.jpg 300w, https:\/\/www.rucksackblog.de\/wp-content\/uploads\/2022\/01\/87_Mexiko_1-768x576.jpg 768w, https:\/\/www.rucksackblog.de\/wp-content\/uploads\/2022\/01\/87_Mexiko_1-1536x1152.jpg 1536w, https:\/\/www.rucksackblog.de\/wp-content\/uploads\/2022\/01\/87_Mexiko_1-2048x1536.jpg 2048w, https:\/\/www.rucksackblog.de\/wp-content\/uploads\/2022\/01\/87_Mexiko_1-640x480.jpg 640w, https:\/\/www.rucksackblog.de\/wp-content\/uploads\/2022\/01\/87_Mexiko_1-520x390.jpg 520w, https:\/\/www.rucksackblog.de\/wp-content\/uploads\/2022\/01\/87_Mexiko_1-740x555.jpg 740w\" sizes=\"auto, (max-width: 1024px) 100vw, 1024px\" \/><\/figure>\n\n\n\n<div style=\"height:20px\" aria-hidden=\"true\" class=\"wp-block-spacer\"><\/div>\n\n\n\n<p>Viele Dinge waren genau wie bei uns und ja wir sprachen nat\u00fcrlich auch \u00fcber Corona. Tanya war wie wir zweifach geimpft und auch hier in Mexiko gab es dieselben Diskussionen wie bei uns, Menschen die f\u00fcr und Menschen die dagegen sind. Auch hier gab es tempor\u00e4re Zelte, in denen sich die Menschen impften, konnten. Nach ca. einer Stunde Autofahrt wurden wir von der Polizei angehalten \u2013 Stopp, F\u00fchrerscheinkontrolle. Der Polizist roch an unserem Auto und Tanya suchte wie verr\u00fcckt ihre Papiere. Der Polizist wartetet nur, dass sie den F\u00fchrerschein nicht fand und er einen Grund gehabt h\u00e4tte sie zu ermahnen, doch sie fand den Ausweis etwas versteckt im Handschuhfach, somit konnten wir weiter. Wenn die Polizei n\u00e4mlich einen Grund gefunden h\u00e4tte, dann h\u00e4tten wir wom\u00f6glich Schmiergeld bezahlen m\u00fcssen, laut Tanya, aber das war nicht der Fall. Sie kann flie\u00dfend Spanisch und war von hier, also durften wir einfach so weiter. Nach weiteren zehn Minuten Fahrt hielt sie mitten auf der Autobahn an und zeigte uns Spinnen, die hier in Scharen die Fahrbahn \u00fcberquerten.<\/p>\n\n\n\n<div style=\"height:20px\" aria-hidden=\"true\" class=\"wp-block-spacer\"><\/div>\n\n\n\n<figure class=\"wp-block-video\"><video height=\"2160\" style=\"aspect-ratio: 3840 \/ 2160;\" width=\"3840\" controls src=\"https:\/\/rucksackblog.de\/wp-content\/uploads\/2022\/01\/Mexiko-Spinnen.mov\"><\/video><\/figure>\n\n\n\n<div style=\"height:20px\" aria-hidden=\"true\" class=\"wp-block-spacer\"><\/div>\n\n\n\n<p>Die Spinnen liefen von links nach rechts \u00fcber die Stra\u00dfe, die Stra\u00dfe f\u00fchrt n\u00e4mlich direkt durch den Dschungel. Falls wir hier nochmal lang m\u00fcssten, wir w\u00fcrden niemals freiwillig das Auto verlassen, weil wir beide gro\u00dfe Angst vor Spinnen haben. Nach ca. drei Stunden kamen wir in am Touristenmagnet <strong>Chich\u00e9n Itz\u00e1<\/strong> an oder wie Tanya so sch\u00f6n sagte \u201eChicken Pizza\u201c.<\/p>\n\n\n\n<div style=\"height:20px\" aria-hidden=\"true\" class=\"wp-block-spacer\"><\/div>\n\n\n\n<figure class=\"wp-block-image size-large\"><img loading=\"lazy\" decoding=\"async\" width=\"1024\" height=\"768\" src=\"https:\/\/rucksackblog.de\/wp-content\/uploads\/2022\/01\/87_Mexiko_2-1024x768.jpg\" alt=\"\" class=\"wp-image-5375\" srcset=\"https:\/\/www.rucksackblog.de\/wp-content\/uploads\/2022\/01\/87_Mexiko_2-1024x768.jpg 1024w, https:\/\/www.rucksackblog.de\/wp-content\/uploads\/2022\/01\/87_Mexiko_2-300x225.jpg 300w, https:\/\/www.rucksackblog.de\/wp-content\/uploads\/2022\/01\/87_Mexiko_2-768x576.jpg 768w, https:\/\/www.rucksackblog.de\/wp-content\/uploads\/2022\/01\/87_Mexiko_2-1536x1152.jpg 1536w, https:\/\/www.rucksackblog.de\/wp-content\/uploads\/2022\/01\/87_Mexiko_2-2048x1536.jpg 2048w, https:\/\/www.rucksackblog.de\/wp-content\/uploads\/2022\/01\/87_Mexiko_2-640x480.jpg 640w, https:\/\/www.rucksackblog.de\/wp-content\/uploads\/2022\/01\/87_Mexiko_2-520x390.jpg 520w, https:\/\/www.rucksackblog.de\/wp-content\/uploads\/2022\/01\/87_Mexiko_2-740x555.jpg 740w\" sizes=\"auto, (max-width: 1024px) 100vw, 1024px\" \/><\/figure>\n\n\n\n<div style=\"height:20px\" aria-hidden=\"true\" class=\"wp-block-spacer\"><\/div>\n\n\n\n<p><strong>Chich\u00e9n Itz\u00e1 <\/strong>wurde 1988 von der UNESCO zum Weltkulturerbe ernannt. Sie ist eine weltber\u00fchmte Ruinenst\u00e4tte der Maya-Kultur auf der mexikanischen Halbinsel Yucat\u00e1n und wurde 2007 zu einem der neuen sieben Weltwunder der Moderne gew\u00e4hlt. Im Durchschnitt kommen pro Tag 10.000 Menschen hier her, um die ber\u00fchmte Pyramide, den Ballplatz und die Tempel zu bestaunen. Aktuell waren es durch Corona nur ca. 3.000 Menschen pro Tag, die zugelassen waren. Auch hier wurde wie \u00fcberall am Eingang Fieber gemessen und auf einem Bildschirm wurde von jeder Person die K\u00f6rpertemperatur angezeigt. Da wir kein Fieber hatten, durften wir den Eingang passieren. Die Sonne brannte und unsere Shirts bekamen nach nur wenigen Minuten die ersten Schwei\u00dfr\u00e4nder, es war anstrengend. Fr\u00e4nn wollte unbedingt ein perfektes Foto von ihr und dem Highlight, das Wahrzeichen von Chich\u00e9n Itz\u00e1, die eindrucksvolle <strong>Kukulk\u00e1n Pyramide<\/strong> mit dem Maya Tempel auf der oberen Plattform. Wir hielten nur kurz an der 30 m hohen Pyramide an und bewunderten sie. Diese hat eine Grundkantenl\u00e4nge von 55 m und erhebt sich in neun Pyramidenstufen. Die Pyramide besitzt vier Treppen, die in alle vier Himmelsrichtungen gehen.<\/p>\n\n\n\n<div style=\"height:20px\" aria-hidden=\"true\" class=\"wp-block-spacer\"><\/div>\n\n\n\n<figure class=\"wp-block-image size-large\"><img loading=\"lazy\" decoding=\"async\" width=\"1024\" height=\"768\" src=\"https:\/\/rucksackblog.de\/wp-content\/uploads\/2022\/01\/87_Mexiko_3-1024x768.jpg\" alt=\"\" class=\"wp-image-5376\" srcset=\"https:\/\/www.rucksackblog.de\/wp-content\/uploads\/2022\/01\/87_Mexiko_3-1024x768.jpg 1024w, https:\/\/www.rucksackblog.de\/wp-content\/uploads\/2022\/01\/87_Mexiko_3-300x225.jpg 300w, https:\/\/www.rucksackblog.de\/wp-content\/uploads\/2022\/01\/87_Mexiko_3-768x576.jpg 768w, https:\/\/www.rucksackblog.de\/wp-content\/uploads\/2022\/01\/87_Mexiko_3-1536x1152.jpg 1536w, https:\/\/www.rucksackblog.de\/wp-content\/uploads\/2022\/01\/87_Mexiko_3-2048x1536.jpg 2048w, https:\/\/www.rucksackblog.de\/wp-content\/uploads\/2022\/01\/87_Mexiko_3-640x480.jpg 640w, https:\/\/www.rucksackblog.de\/wp-content\/uploads\/2022\/01\/87_Mexiko_3-520x390.jpg 520w, https:\/\/www.rucksackblog.de\/wp-content\/uploads\/2022\/01\/87_Mexiko_3-740x555.jpg 740w\" sizes=\"auto, (max-width: 1024px) 100vw, 1024px\" \/><\/figure>\n\n\n\n<div style=\"height:20px\" aria-hidden=\"true\" class=\"wp-block-spacer\"><\/div>\n\n\n\n<p>Tanya wollte uns erstmal die anderen Sehensw\u00fcrdigkeiten auf dem Gel\u00e4nde zeigen. Zweiter Stopp, das Observatorium, eine Sternwarte. Die Mayas sind noch heute ber\u00fchmt f\u00fcr ihr unglaubliches astronomisches Wissen. In dem sogenannten \u201eSchneckenturm\u201c befindet sich eine Wendeltreppe, die in den obersten Turm f\u00fchrt, von wo aus vier Fenstern der Himmel beobachtet wurde. Ein kurzes Foto und weiter.<\/p>\n\n\n\n<div style=\"height:20px\" aria-hidden=\"true\" class=\"wp-block-spacer\"><\/div>\n\n\n\n<figure class=\"wp-block-image size-large\"><img loading=\"lazy\" decoding=\"async\" width=\"1024\" height=\"768\" src=\"https:\/\/rucksackblog.de\/wp-content\/uploads\/2022\/01\/87_Mexiko_4-1024x768.jpg\" alt=\"\" class=\"wp-image-5377\" srcset=\"https:\/\/www.rucksackblog.de\/wp-content\/uploads\/2022\/01\/87_Mexiko_4-1024x768.jpg 1024w, https:\/\/www.rucksackblog.de\/wp-content\/uploads\/2022\/01\/87_Mexiko_4-300x225.jpg 300w, https:\/\/www.rucksackblog.de\/wp-content\/uploads\/2022\/01\/87_Mexiko_4-768x576.jpg 768w, https:\/\/www.rucksackblog.de\/wp-content\/uploads\/2022\/01\/87_Mexiko_4-1536x1152.jpg 1536w, https:\/\/www.rucksackblog.de\/wp-content\/uploads\/2022\/01\/87_Mexiko_4-2048x1536.jpg 2048w, https:\/\/www.rucksackblog.de\/wp-content\/uploads\/2022\/01\/87_Mexiko_4-640x480.jpg 640w, https:\/\/www.rucksackblog.de\/wp-content\/uploads\/2022\/01\/87_Mexiko_4-520x390.jpg 520w, https:\/\/www.rucksackblog.de\/wp-content\/uploads\/2022\/01\/87_Mexiko_4-740x555.jpg 740w\" sizes=\"auto, (max-width: 1024px) 100vw, 1024px\" \/><\/figure>\n\n\n\n<div style=\"height:20px\" aria-hidden=\"true\" class=\"wp-block-spacer\"><\/div>\n\n\n\n<p>\u00dcberall standen Verk\u00e4ufer, die einem bunten Plunder verkaufen wollten, es war verr\u00fcckt, denn Fr\u00e4nn kaufte nichts, so gar nichts, was nicht oft vorkommt. Der Grund war ihr T-Shirt, welches sie versuchte zu trocknen damit es sich nicht noch weiter mit Schwei\u00dfr\u00e4ndern einf\u00e4rbt. Sie wollte unbedingt ein Foto von ihr und der Pyramide. Vorbei an einem kleinen Maja Haus ging es wieder zur\u00fcck zur Pyramide.<\/p>\n\n\n\n<div style=\"height:20px\" aria-hidden=\"true\" class=\"wp-block-spacer\"><\/div>\n\n\n\n<figure class=\"wp-block-image size-large\"><img loading=\"lazy\" decoding=\"async\" width=\"1024\" height=\"768\" src=\"https:\/\/rucksackblog.de\/wp-content\/uploads\/2022\/01\/87_Mexiko_5-1024x768.jpg\" alt=\"\" class=\"wp-image-5378\" srcset=\"https:\/\/www.rucksackblog.de\/wp-content\/uploads\/2022\/01\/87_Mexiko_5-1024x768.jpg 1024w, https:\/\/www.rucksackblog.de\/wp-content\/uploads\/2022\/01\/87_Mexiko_5-300x225.jpg 300w, https:\/\/www.rucksackblog.de\/wp-content\/uploads\/2022\/01\/87_Mexiko_5-768x576.jpg 768w, https:\/\/www.rucksackblog.de\/wp-content\/uploads\/2022\/01\/87_Mexiko_5-1536x1152.jpg 1536w, https:\/\/www.rucksackblog.de\/wp-content\/uploads\/2022\/01\/87_Mexiko_5-2048x1536.jpg 2048w, https:\/\/www.rucksackblog.de\/wp-content\/uploads\/2022\/01\/87_Mexiko_5-640x480.jpg 640w, https:\/\/www.rucksackblog.de\/wp-content\/uploads\/2022\/01\/87_Mexiko_5-520x390.jpg 520w, https:\/\/www.rucksackblog.de\/wp-content\/uploads\/2022\/01\/87_Mexiko_5-740x555.jpg 740w\" sizes=\"auto, (max-width: 1024px) 100vw, 1024px\" \/><\/figure>\n\n\n\n<div style=\"height:20px\" aria-hidden=\"true\" class=\"wp-block-spacer\"><\/div>\n\n\n\n<p>Fr\u00e4nn wurde immer unruhiger, immer noch kein Foto, doch&nbsp;Tanya f\u00fchrte uns, n\u00f6rdlich in Sichtweite der Pyramide zum Tempel der Krieger \u2013 <strong>Templo de los Guerros<\/strong>.<\/p>\n\n\n\n<div style=\"height:20px\" aria-hidden=\"true\" class=\"wp-block-spacer\"><\/div>\n\n\n\n<figure class=\"wp-block-image size-large\"><img loading=\"lazy\" decoding=\"async\" width=\"1024\" height=\"768\" src=\"https:\/\/rucksackblog.de\/wp-content\/uploads\/2022\/01\/87_Mexiko_6-1-1024x768.jpg\" alt=\"\" class=\"wp-image-5380\" srcset=\"https:\/\/www.rucksackblog.de\/wp-content\/uploads\/2022\/01\/87_Mexiko_6-1-1024x768.jpg 1024w, https:\/\/www.rucksackblog.de\/wp-content\/uploads\/2022\/01\/87_Mexiko_6-1-300x225.jpg 300w, https:\/\/www.rucksackblog.de\/wp-content\/uploads\/2022\/01\/87_Mexiko_6-1-768x576.jpg 768w, https:\/\/www.rucksackblog.de\/wp-content\/uploads\/2022\/01\/87_Mexiko_6-1-1536x1152.jpg 1536w, https:\/\/www.rucksackblog.de\/wp-content\/uploads\/2022\/01\/87_Mexiko_6-1-2048x1536.jpg 2048w, https:\/\/www.rucksackblog.de\/wp-content\/uploads\/2022\/01\/87_Mexiko_6-1-640x480.jpg 640w, https:\/\/www.rucksackblog.de\/wp-content\/uploads\/2022\/01\/87_Mexiko_6-1-520x390.jpg 520w, https:\/\/www.rucksackblog.de\/wp-content\/uploads\/2022\/01\/87_Mexiko_6-1-740x555.jpg 740w\" sizes=\"auto, (max-width: 1024px) 100vw, 1024px\" \/><\/figure>\n\n\n\n<div style=\"height:20px\" aria-hidden=\"true\" class=\"wp-block-spacer\"><\/div>\n\n\n\n<p>Hier stehen kreisf\u00f6rmige Steins\u00e4ulen in Reih &amp; Glied. Es wird angenommen, dass die S\u00e4ulen einmal ein Dach unterst\u00fctzten und dieser Bereich als Sitzungssaal genutzt wurde. Wie in einer Art Ruhmeshalle sind auf einigen S\u00e4ulen Bilder von G\u00f6ttern und Kriegern verewigt. In den Pfeilern vor dem Treppenaufgang sind Krieger eingemei\u00dfelt, was den milit\u00e4rischen Charakter des Tempels unterstreicht.<\/p>\n\n\n\n<div style=\"height:20px\" aria-hidden=\"true\" class=\"wp-block-spacer\"><\/div>\n\n\n\n<figure class=\"wp-block-image size-large\"><img loading=\"lazy\" decoding=\"async\" width=\"1024\" height=\"768\" src=\"https:\/\/rucksackblog.de\/wp-content\/uploads\/2022\/01\/87_Mexiko_7-1024x768.jpg\" alt=\"\" class=\"wp-image-5381\" srcset=\"https:\/\/www.rucksackblog.de\/wp-content\/uploads\/2022\/01\/87_Mexiko_7-1024x768.jpg 1024w, https:\/\/www.rucksackblog.de\/wp-content\/uploads\/2022\/01\/87_Mexiko_7-300x225.jpg 300w, https:\/\/www.rucksackblog.de\/wp-content\/uploads\/2022\/01\/87_Mexiko_7-768x576.jpg 768w, https:\/\/www.rucksackblog.de\/wp-content\/uploads\/2022\/01\/87_Mexiko_7-1536x1152.jpg 1536w, https:\/\/www.rucksackblog.de\/wp-content\/uploads\/2022\/01\/87_Mexiko_7-2048x1536.jpg 2048w, https:\/\/www.rucksackblog.de\/wp-content\/uploads\/2022\/01\/87_Mexiko_7-640x480.jpg 640w, https:\/\/www.rucksackblog.de\/wp-content\/uploads\/2022\/01\/87_Mexiko_7-520x390.jpg 520w, https:\/\/www.rucksackblog.de\/wp-content\/uploads\/2022\/01\/87_Mexiko_7-740x555.jpg 740w\" sizes=\"auto, (max-width: 1024px) 100vw, 1024px\" \/><\/figure>\n\n\n\n<div style=\"height:20px\" aria-hidden=\"true\" class=\"wp-block-spacer\"><\/div>\n\n\n\n<p>Danach f\u00fchrte sie uns zur&nbsp;<strong>Cenote&nbsp;Sagrado<\/strong> und immer noch kein Foto von der Pyramide in Sicht, obwohl wir gef\u00fchlt die ganze Zeit um die Pyramide bewegten. Auf dem Weg zur&nbsp;Cenote&nbsp;waren links und rechts wieder allerlei Tr\u00f6del, den man kaufen konnte, Fr\u00e4nn blieb eisern, sie hatte genug von Staubf\u00e4ngern. Am Ende der Stra\u00dfe angekommen befindet sich eine runde Kalksteingrube mit gr\u00fcnen Wasser, die&nbsp;<strong>Cenote&nbsp;Sagrado<\/strong>.<\/p>\n\n\n\n<div style=\"height:20px\" aria-hidden=\"true\" class=\"wp-block-spacer\"><\/div>\n\n\n\n<figure class=\"wp-block-image size-large\"><img loading=\"lazy\" decoding=\"async\" width=\"1024\" height=\"768\" src=\"https:\/\/rucksackblog.de\/wp-content\/uploads\/2022\/01\/87_Mexiko_8-1024x768.jpg\" alt=\"\" class=\"wp-image-5382\" srcset=\"https:\/\/www.rucksackblog.de\/wp-content\/uploads\/2022\/01\/87_Mexiko_8-1024x768.jpg 1024w, https:\/\/www.rucksackblog.de\/wp-content\/uploads\/2022\/01\/87_Mexiko_8-300x225.jpg 300w, https:\/\/www.rucksackblog.de\/wp-content\/uploads\/2022\/01\/87_Mexiko_8-768x576.jpg 768w, https:\/\/www.rucksackblog.de\/wp-content\/uploads\/2022\/01\/87_Mexiko_8-1536x1152.jpg 1536w, https:\/\/www.rucksackblog.de\/wp-content\/uploads\/2022\/01\/87_Mexiko_8-2048x1536.jpg 2048w, https:\/\/www.rucksackblog.de\/wp-content\/uploads\/2022\/01\/87_Mexiko_8-640x480.jpg 640w, https:\/\/www.rucksackblog.de\/wp-content\/uploads\/2022\/01\/87_Mexiko_8-520x390.jpg 520w, https:\/\/www.rucksackblog.de\/wp-content\/uploads\/2022\/01\/87_Mexiko_8-740x555.jpg 740w\" sizes=\"auto, (max-width: 1024px) 100vw, 1024px\" \/><\/figure>\n\n\n\n<div style=\"height:20px\" aria-hidden=\"true\" class=\"wp-block-spacer\"><\/div>\n\n\n\n<p>Wir nahmen auf einer Bank Platz und ruhten kurz aus und Tanya erz\u00e4hlte uns ein paar Dinge zur&nbsp;Cenote. Danach ging es wieder zur\u00fcck zur Pyramide. Sie f\u00fchrte uns zur Arena, einem&nbsp;<strong>Ballspielplatz \u2013 Gran Juego de Pelota<\/strong>.<\/p>\n\n\n\n<div style=\"height:20px\" aria-hidden=\"true\" class=\"wp-block-spacer\"><\/div>\n\n\n\n<figure class=\"wp-block-image size-large\"><img loading=\"lazy\" decoding=\"async\" width=\"1024\" height=\"768\" src=\"https:\/\/rucksackblog.de\/wp-content\/uploads\/2022\/01\/87_Mexiko_9-1024x768.jpg\" alt=\"\" class=\"wp-image-5383\" srcset=\"https:\/\/www.rucksackblog.de\/wp-content\/uploads\/2022\/01\/87_Mexiko_9-1024x768.jpg 1024w, https:\/\/www.rucksackblog.de\/wp-content\/uploads\/2022\/01\/87_Mexiko_9-300x225.jpg 300w, https:\/\/www.rucksackblog.de\/wp-content\/uploads\/2022\/01\/87_Mexiko_9-768x576.jpg 768w, https:\/\/www.rucksackblog.de\/wp-content\/uploads\/2022\/01\/87_Mexiko_9-1536x1152.jpg 1536w, https:\/\/www.rucksackblog.de\/wp-content\/uploads\/2022\/01\/87_Mexiko_9-2048x1536.jpg 2048w, https:\/\/www.rucksackblog.de\/wp-content\/uploads\/2022\/01\/87_Mexiko_9-640x480.jpg 640w, https:\/\/www.rucksackblog.de\/wp-content\/uploads\/2022\/01\/87_Mexiko_9-520x390.jpg 520w, https:\/\/www.rucksackblog.de\/wp-content\/uploads\/2022\/01\/87_Mexiko_9-740x555.jpg 740w\" sizes=\"auto, (max-width: 1024px) 100vw, 1024px\" \/><\/figure>\n\n\n\n<div style=\"height:20px\" aria-hidden=\"true\" class=\"wp-block-spacer\"><\/div>\n\n\n\n<p>Auch hier klatschten wieder die vielen Tourguides in die H\u00e4nde, um die Touristen mit der Akustik zu begeistern. <br>Hier also spielten die Mayas mit einem ca. 2 bis 3 Kilogramm schweren Ball ein Spiel gegeneinander. An den W\u00e4nden h\u00e4ngt ein Kreis (links und rechts, mittig im Foto zu sehen), durch den der Ball geschossen werden muss. Die Maya hatten Projektoren an ihren K\u00f6rpern, mit denen sie den Ball im Spiel durch das Loch katapultierten. Wie das funktionierte ist, bis heute ein R\u00e4tsel den die L\u00f6cher sind zum einen sehr hoch angebracht und einen Ball mit so einem Gewicht dort durchzubekommen ist eine starke Leistung. Wer den Ball durch das Loch bekam, wurde geopfert. Geopfert als Sieg? Ja, da die Mayas keine Angst vor dem Tod haben, im Gegenteil, es ist eine Ehre.  Nach der Besichtigung ging es endlich zur\u00fcck zur gro\u00dfen Pyramide und Fr\u00e4nn bekam ihr perfektes Foto.<\/p>\n\n\n\n<div style=\"height:20px\" aria-hidden=\"true\" class=\"wp-block-spacer\"><\/div>\n\n\n\n<figure class=\"wp-block-image size-large\"><img loading=\"lazy\" decoding=\"async\" width=\"1024\" height=\"1024\" src=\"https:\/\/rucksackblog.de\/wp-content\/uploads\/2022\/01\/87_Mexiko_10-1024x1024.jpg\" alt=\"\" class=\"wp-image-5384\" srcset=\"https:\/\/www.rucksackblog.de\/wp-content\/uploads\/2022\/01\/87_Mexiko_10-1024x1024.jpg 1024w, https:\/\/www.rucksackblog.de\/wp-content\/uploads\/2022\/01\/87_Mexiko_10-300x300.jpg 300w, https:\/\/www.rucksackblog.de\/wp-content\/uploads\/2022\/01\/87_Mexiko_10-150x150.jpg 150w, https:\/\/www.rucksackblog.de\/wp-content\/uploads\/2022\/01\/87_Mexiko_10-768x768.jpg 768w, https:\/\/www.rucksackblog.de\/wp-content\/uploads\/2022\/01\/87_Mexiko_10-1536x1536.jpg 1536w, https:\/\/www.rucksackblog.de\/wp-content\/uploads\/2022\/01\/87_Mexiko_10-2048x2048.jpg 2048w, https:\/\/www.rucksackblog.de\/wp-content\/uploads\/2022\/01\/87_Mexiko_10-640x640.jpg 640w, https:\/\/www.rucksackblog.de\/wp-content\/uploads\/2022\/01\/87_Mexiko_10-520x520.jpg 520w, https:\/\/www.rucksackblog.de\/wp-content\/uploads\/2022\/01\/87_Mexiko_10-740x740.jpg 740w\" sizes=\"auto, (max-width: 1024px) 100vw, 1024px\" \/><\/figure>\n\n\n\n<div style=\"height:20px\" aria-hidden=\"true\" class=\"wp-block-spacer\"><\/div>\n\n\n\n<p>Nach dem Fotoshooting ging zur\u00fcck zum Ausgang. Unsere K\u00f6rper waren aufgeheizt und wir freuten uns auf unser n\u00e4chstes Ziel, die&nbsp;<strong>Cenote&nbsp;Hacienda Selva Maya<\/strong>.<\/p>\n\n\n\n<div style=\"height:20px\" aria-hidden=\"true\" class=\"wp-block-spacer\"><\/div>\n\n\n\n<figure class=\"wp-block-image size-large\"><img loading=\"lazy\" decoding=\"async\" width=\"1024\" height=\"768\" src=\"https:\/\/rucksackblog.de\/wp-content\/uploads\/2022\/01\/87_Mexiko_11-1024x768.jpg\" alt=\"\" class=\"wp-image-5385\" srcset=\"https:\/\/www.rucksackblog.de\/wp-content\/uploads\/2022\/01\/87_Mexiko_11-1024x768.jpg 1024w, https:\/\/www.rucksackblog.de\/wp-content\/uploads\/2022\/01\/87_Mexiko_11-300x225.jpg 300w, https:\/\/www.rucksackblog.de\/wp-content\/uploads\/2022\/01\/87_Mexiko_11-768x576.jpg 768w, https:\/\/www.rucksackblog.de\/wp-content\/uploads\/2022\/01\/87_Mexiko_11-1536x1152.jpg 1536w, https:\/\/www.rucksackblog.de\/wp-content\/uploads\/2022\/01\/87_Mexiko_11-2048x1536.jpg 2048w, https:\/\/www.rucksackblog.de\/wp-content\/uploads\/2022\/01\/87_Mexiko_11-640x480.jpg 640w, https:\/\/www.rucksackblog.de\/wp-content\/uploads\/2022\/01\/87_Mexiko_11-520x390.jpg 520w, https:\/\/www.rucksackblog.de\/wp-content\/uploads\/2022\/01\/87_Mexiko_11-740x555.jpg 740w\" sizes=\"auto, (max-width: 1024px) 100vw, 1024px\" \/><\/figure>\n\n\n\n<div style=\"height:20px\" aria-hidden=\"true\" class=\"wp-block-spacer\"><\/div>\n\n\n\n<p>Doch bevor wir in die&nbsp;Cenote&nbsp;sprangen, lie\u00dfen wir uns von einem Schamanen mal wieder segnen. Danach ging es zum Schwimmen, wir waren fast alleine, nur zwei M\u00e4nner schwammen im Wasser. Es war etwas gruselig, das Wasser war tief und die&nbsp;Cenote&nbsp;war in sich geschlossen. Wir hatten Angst, dass ein St\u00fcck Kalkstein von der Wand fallen k\u00f6nnte, doch da wir ja frisch gesegnet waren, konnte uns ja nichts passieren. Fr\u00e4nn lie\u00df es sich nicht nehmen und sprang vom Podest direkt ins Wasser und genoss als Erste die Abk\u00fchlung. <\/p>\n\n\n\n<div style=\"height:21px\" aria-hidden=\"true\" class=\"wp-block-spacer\"><\/div>\n\n\n\n<figure class=\"wp-block-image size-large\"><img loading=\"lazy\" decoding=\"async\" width=\"1024\" height=\"768\" src=\"https:\/\/rucksackblog.de\/wp-content\/uploads\/2022\/01\/87_Mexiko_12-1024x768.jpg\" alt=\"\" class=\"wp-image-5386\" srcset=\"https:\/\/www.rucksackblog.de\/wp-content\/uploads\/2022\/01\/87_Mexiko_12-1024x768.jpg 1024w, https:\/\/www.rucksackblog.de\/wp-content\/uploads\/2022\/01\/87_Mexiko_12-300x225.jpg 300w, https:\/\/www.rucksackblog.de\/wp-content\/uploads\/2022\/01\/87_Mexiko_12-768x576.jpg 768w, https:\/\/www.rucksackblog.de\/wp-content\/uploads\/2022\/01\/87_Mexiko_12-1536x1152.jpg 1536w, https:\/\/www.rucksackblog.de\/wp-content\/uploads\/2022\/01\/87_Mexiko_12-2048x1536.jpg 2048w, https:\/\/www.rucksackblog.de\/wp-content\/uploads\/2022\/01\/87_Mexiko_12-640x480.jpg 640w, https:\/\/www.rucksackblog.de\/wp-content\/uploads\/2022\/01\/87_Mexiko_12-520x390.jpg 520w, https:\/\/www.rucksackblog.de\/wp-content\/uploads\/2022\/01\/87_Mexiko_12-740x555.jpg 740w\" sizes=\"auto, (max-width: 1024px) 100vw, 1024px\" \/><\/figure>\n\n\n\n<div style=\"height:20px\" aria-hidden=\"true\" class=\"wp-block-spacer\"><\/div>\n\n\n\n<p>Das Wasser war angenehm erfrischend und unsere K\u00f6rper k\u00fchlten runter.<\/p>\n\n\n\n<div style=\"height:20px\" aria-hidden=\"true\" class=\"wp-block-spacer\"><\/div>\n\n\n\n<figure class=\"wp-block-image size-large\"><img loading=\"lazy\" decoding=\"async\" width=\"1024\" height=\"768\" src=\"https:\/\/rucksackblog.de\/wp-content\/uploads\/2022\/01\/87_Mexiko_13-1024x768.jpg\" alt=\"\" class=\"wp-image-5387\" srcset=\"https:\/\/www.rucksackblog.de\/wp-content\/uploads\/2022\/01\/87_Mexiko_13-1024x768.jpg 1024w, https:\/\/www.rucksackblog.de\/wp-content\/uploads\/2022\/01\/87_Mexiko_13-300x225.jpg 300w, https:\/\/www.rucksackblog.de\/wp-content\/uploads\/2022\/01\/87_Mexiko_13-768x576.jpg 768w, https:\/\/www.rucksackblog.de\/wp-content\/uploads\/2022\/01\/87_Mexiko_13-1536x1152.jpg 1536w, https:\/\/www.rucksackblog.de\/wp-content\/uploads\/2022\/01\/87_Mexiko_13-2048x1536.jpg 2048w, https:\/\/www.rucksackblog.de\/wp-content\/uploads\/2022\/01\/87_Mexiko_13-640x480.jpg 640w, https:\/\/www.rucksackblog.de\/wp-content\/uploads\/2022\/01\/87_Mexiko_13-520x390.jpg 520w, https:\/\/www.rucksackblog.de\/wp-content\/uploads\/2022\/01\/87_Mexiko_13-740x555.jpg 740w\" sizes=\"auto, (max-width: 1024px) 100vw, 1024px\" \/><\/figure>\n\n\n\n<div style=\"height:20px\" aria-hidden=\"true\" class=\"wp-block-spacer\"><\/div>\n\n\n\n<p>Nach der kleinen Abk\u00fchlung ging es in die restaurierte Hazienda zum Mittagessen. Beim Essen zog sich das Wetter immer mehr zu und es donnerte, wir packten unsere Sachen zusammen und gingen zum Parkplatz. Pl\u00f6tzlich fing es an zu regnen, wir hofften, dass es gleich wieder aufh\u00f6rte, doch es sch\u00fcttetet wie aus Eimern und h\u00f6rte einfach nicht auf. In <strong>Valladolid <\/strong>angekommen regnete es so heftig, dass wir das Auto nicht verlassen konnten, also erkl\u00e4rte uns Tanya die Insights im Auto. <strong>Valladolid<\/strong>, die bis zum Beginn des 20. Jahrhunderts nach M\u00e9rida und Campeche die drittgr\u00f6\u00dfte und \u2013 wichtigste Stadt der Halbinsel Yukat\u00e1n war sehr sehenswert. Das Stadtbild ist gepr\u00e4gt vom spanischem Kolonialstil. Auff\u00e4llig ist die gro\u00dfe Kathedrale aus der Kolonialzeit, die sich direkt am Hauptplatz befindet.<\/p>\n\n\n\n<div style=\"height:20px\" aria-hidden=\"true\" class=\"wp-block-spacer\"><\/div>\n\n\n\n<figure class=\"wp-block-image size-large\"><img loading=\"lazy\" decoding=\"async\" width=\"1024\" height=\"768\" src=\"https:\/\/rucksackblog.de\/wp-content\/uploads\/2022\/01\/87_Mexiko_14-1024x768.jpg\" alt=\"\" class=\"wp-image-5388\" srcset=\"https:\/\/www.rucksackblog.de\/wp-content\/uploads\/2022\/01\/87_Mexiko_14-1024x768.jpg 1024w, https:\/\/www.rucksackblog.de\/wp-content\/uploads\/2022\/01\/87_Mexiko_14-300x225.jpg 300w, https:\/\/www.rucksackblog.de\/wp-content\/uploads\/2022\/01\/87_Mexiko_14-768x576.jpg 768w, https:\/\/www.rucksackblog.de\/wp-content\/uploads\/2022\/01\/87_Mexiko_14-1536x1152.jpg 1536w, https:\/\/www.rucksackblog.de\/wp-content\/uploads\/2022\/01\/87_Mexiko_14-2048x1536.jpg 2048w, https:\/\/www.rucksackblog.de\/wp-content\/uploads\/2022\/01\/87_Mexiko_14-640x480.jpg 640w, https:\/\/www.rucksackblog.de\/wp-content\/uploads\/2022\/01\/87_Mexiko_14-520x390.jpg 520w, https:\/\/www.rucksackblog.de\/wp-content\/uploads\/2022\/01\/87_Mexiko_14-740x555.jpg 740w\" sizes=\"auto, (max-width: 1024px) 100vw, 1024px\" \/><\/figure>\n\n\n\n<div style=\"height:20px\" aria-hidden=\"true\" class=\"wp-block-spacer\"><\/div>\n\n\n\n<p>Tanya fuhr uns durch die Stra\u00dfen damit wir wenigstens einen kleinen Eindruck von Valladolid bekamen. Die vielen kleinen H\u00e4user waren sch\u00f6n anzusehen. Gerne h\u00e4tten wir etwas vom authentischen mexikanische Lebensgef\u00fchl mitbekommen, doch der Wettergott hatte scheinbar etwas dagegen. Pastellfarbene Kolonialh\u00e4uschen, viele kleine Restaurants, Caf\u00e9s und ein paar alte VW-K\u00e4fer pr\u00e4gten das Stadtbild. Vieles war rekonstruiert.<\/p>\n\n\n\n<div style=\"height:20px\" aria-hidden=\"true\" class=\"wp-block-spacer\"><\/div>\n\n\n\n<figure class=\"wp-block-image size-large\"><img loading=\"lazy\" decoding=\"async\" width=\"1024\" height=\"768\" src=\"https:\/\/rucksackblog.de\/wp-content\/uploads\/2022\/01\/87_Mexiko_15-1024x768.jpg\" alt=\"\" class=\"wp-image-5389\" srcset=\"https:\/\/www.rucksackblog.de\/wp-content\/uploads\/2022\/01\/87_Mexiko_15-1024x768.jpg 1024w, https:\/\/www.rucksackblog.de\/wp-content\/uploads\/2022\/01\/87_Mexiko_15-300x225.jpg 300w, https:\/\/www.rucksackblog.de\/wp-content\/uploads\/2022\/01\/87_Mexiko_15-768x576.jpg 768w, https:\/\/www.rucksackblog.de\/wp-content\/uploads\/2022\/01\/87_Mexiko_15-1536x1152.jpg 1536w, https:\/\/www.rucksackblog.de\/wp-content\/uploads\/2022\/01\/87_Mexiko_15-2048x1536.jpg 2048w, https:\/\/www.rucksackblog.de\/wp-content\/uploads\/2022\/01\/87_Mexiko_15-640x480.jpg 640w, https:\/\/www.rucksackblog.de\/wp-content\/uploads\/2022\/01\/87_Mexiko_15-520x390.jpg 520w, https:\/\/www.rucksackblog.de\/wp-content\/uploads\/2022\/01\/87_Mexiko_15-740x555.jpg 740w\" sizes=\"auto, (max-width: 1024px) 100vw, 1024px\" \/><\/figure>\n\n\n\n<div style=\"height:20px\" aria-hidden=\"true\" class=\"wp-block-spacer\"><\/div>\n\n\n\n<p>Wir konnten in das ein oder andere Haus vom Auto hineinschauen und wenn man sich M\u00fche gab, sah man H\u00e4ngematten. Tanya erz\u00e4hlte uns, dass die Leute hier keine Betten besa\u00dfen, sondern in H\u00e4ngematten schliefen. Es gab hier viel zu entdecken, aber selbst wenn wir einen Spaziergang unternommen h\u00e4tten, dann w\u00e4re die Zeit zu wenig gewesen, da es hier viel zu entdecken gibt. Das n\u00e4chste Mal bleiben wir mindestens zwei N\u00e4chte, um das Flair mitzubekommen. <br>Auf der R\u00fccktour hatten wir wieder viel Zeit f\u00fcr Gespr\u00e4che und uns \u00fcber Land und Leute mit Tanya zu unterhalten. Wir tauschten uns \u00fcber so viele Sachen aus, die wir sonst vielleicht nie erfahren h\u00e4tten. Wir merkten wieder, dass es nicht die geschichtlichen Dinge waren, die uns interessierten, sondern die Kultur und die Leute. Geschichten von Menschen, die hier leben. Wir fragten Tanya nach dem Seegras, was am Strand \u00fcberall angesp\u00fclt wird. Sie erz\u00e4hlte uns, dass es die Plage noch gar nicht so lange hier gibt, wir waren verwundert.<\/p>\n\n\n\n<div style=\"height:20px\" aria-hidden=\"true\" class=\"wp-block-spacer\"><\/div>\n\n\n\n<figure class=\"wp-block-image size-large\"><img loading=\"lazy\" decoding=\"async\" width=\"1024\" height=\"768\" src=\"https:\/\/rucksackblog.de\/wp-content\/uploads\/2022\/01\/87_Mexiko_16-1024x768.jpg\" alt=\"\" class=\"wp-image-5394\" srcset=\"https:\/\/www.rucksackblog.de\/wp-content\/uploads\/2022\/01\/87_Mexiko_16-1024x768.jpg 1024w, https:\/\/www.rucksackblog.de\/wp-content\/uploads\/2022\/01\/87_Mexiko_16-300x225.jpg 300w, https:\/\/www.rucksackblog.de\/wp-content\/uploads\/2022\/01\/87_Mexiko_16-768x576.jpg 768w, https:\/\/www.rucksackblog.de\/wp-content\/uploads\/2022\/01\/87_Mexiko_16-1536x1152.jpg 1536w, https:\/\/www.rucksackblog.de\/wp-content\/uploads\/2022\/01\/87_Mexiko_16-2048x1536.jpg 2048w, https:\/\/www.rucksackblog.de\/wp-content\/uploads\/2022\/01\/87_Mexiko_16-640x480.jpg 640w, https:\/\/www.rucksackblog.de\/wp-content\/uploads\/2022\/01\/87_Mexiko_16-520x390.jpg 520w, https:\/\/www.rucksackblog.de\/wp-content\/uploads\/2022\/01\/87_Mexiko_16-740x555.jpg 740w\" sizes=\"auto, (max-width: 1024px) 100vw, 1024px\" \/><\/figure>\n\n\n\n<div style=\"height:20px\" aria-hidden=\"true\" class=\"wp-block-spacer\"><\/div>\n\n\n\n<p>Laut Tanya gibt es die Plage erst seit ca. 5 Jahren. Sie berichtete, dass vor allem im Sommer gro\u00dfe Mengen an Seegras (Braunalgen) in <strong>Playa del Carmen<\/strong> und anderen Str\u00e4nden den Badespa\u00df verderben.&nbsp;Tanya erz\u00e4hlte uns, dass es schon erste Ideen gibt aus den Algen etwas N\u00fctzliches zu machen. Als D\u00fcngemittel, als Benzin, Algenseife oder aber die Alge als Baustoff. Wir waren sehr nachdenklich.&nbsp;Auch bei uns am Hotel hatten wir das Seegras bemerkt, die ersten Tagen stank es am Meer. Die Mitarbeiter gaben sich gro\u00dfe M\u00fche, die Algen vom Strand zu fegen oder aber mit Baggern das Gras abzutragen.&nbsp;<\/p>\n\n\n\n<div style=\"height:20px\" aria-hidden=\"true\" class=\"wp-block-spacer\"><\/div>\n\n\n\n<figure class=\"wp-block-image size-large\"><img loading=\"lazy\" decoding=\"async\" width=\"1024\" height=\"768\" src=\"https:\/\/rucksackblog.de\/wp-content\/uploads\/2022\/01\/87_Mexiko_17-1024x768.jpg\" alt=\"\" class=\"wp-image-5392\" srcset=\"https:\/\/www.rucksackblog.de\/wp-content\/uploads\/2022\/01\/87_Mexiko_17-1024x768.jpg 1024w, https:\/\/www.rucksackblog.de\/wp-content\/uploads\/2022\/01\/87_Mexiko_17-300x225.jpg 300w, https:\/\/www.rucksackblog.de\/wp-content\/uploads\/2022\/01\/87_Mexiko_17-768x576.jpg 768w, https:\/\/www.rucksackblog.de\/wp-content\/uploads\/2022\/01\/87_Mexiko_17-1536x1152.jpg 1536w, https:\/\/www.rucksackblog.de\/wp-content\/uploads\/2022\/01\/87_Mexiko_17-2048x1536.jpg 2048w, https:\/\/www.rucksackblog.de\/wp-content\/uploads\/2022\/01\/87_Mexiko_17-640x480.jpg 640w, https:\/\/www.rucksackblog.de\/wp-content\/uploads\/2022\/01\/87_Mexiko_17-520x390.jpg 520w, https:\/\/www.rucksackblog.de\/wp-content\/uploads\/2022\/01\/87_Mexiko_17-740x555.jpg 740w\" sizes=\"auto, (max-width: 1024px) 100vw, 1024px\" \/><\/figure>\n\n\n\n<div style=\"height:20px\" aria-hidden=\"true\" class=\"wp-block-spacer\"><\/div>\n\n\n\n<p>Sp\u00e4ter recherchierten wir im Internet. Die Algen sind etwas Nat\u00fcrliches, da sie durch Str\u00f6mungen angeschwemmt werden, die in den Sommermonaten ganz normal sind. Die Schildkr\u00f6ten legen ihre Nester unter dem Seegras. Doch hat das Ausma\u00df des Seegrases, was angesp\u00fclt wird in den letzten Jahren stark zugenommen, es f\u00fchrte zu einer Plage. Schuld daran ist die Erw\u00e4rmung der Weltmeere und die Verschmutzung. Das <strong>Sargassum Monitoring Network <\/strong>ver\u00f6ffentlicht auf Facebook aktuelle Hinweise zur Braunalgensituation an den Str\u00e4nden.&nbsp;Link:<a href=\"https:\/\/www.facebook.com\/RedSargazo\/\" target=\"_blank\" rel=\"noreferrer noopener\">https:\/\/www.facebook.com\/RedSargazo<\/a><\/p>\n\n\n\n<div style=\"height:20px\" aria-hidden=\"true\" class=\"wp-block-spacer\"><\/div>\n\n\n\n<figure class=\"wp-block-image size-full\"><img loading=\"lazy\" decoding=\"async\" width=\"757\" height=\"960\" src=\"https:\/\/rucksackblog.de\/wp-content\/uploads\/2022\/01\/87_Mexiko_18.jpg\" alt=\"\" class=\"wp-image-5391\" srcset=\"https:\/\/www.rucksackblog.de\/wp-content\/uploads\/2022\/01\/87_Mexiko_18.jpg 757w, https:\/\/www.rucksackblog.de\/wp-content\/uploads\/2022\/01\/87_Mexiko_18-237x300.jpg 237w, https:\/\/www.rucksackblog.de\/wp-content\/uploads\/2022\/01\/87_Mexiko_18-640x812.jpg 640w, https:\/\/www.rucksackblog.de\/wp-content\/uploads\/2022\/01\/87_Mexiko_18-520x659.jpg 520w, https:\/\/www.rucksackblog.de\/wp-content\/uploads\/2022\/01\/87_Mexiko_18-740x938.jpg 740w\" sizes=\"auto, (max-width: 757px) 100vw, 757px\" \/><\/figure>\n\n\n\n<div style=\"height:20px\" aria-hidden=\"true\" class=\"wp-block-spacer\"><\/div>\n\n\n\n<p>Tanya ihre Aussage best\u00e4tigte sich, wir lasen im Internet, dass vor 2014 die Algen in der Karibik kaum verbreitet waren. Der Klimawandel und die Verschmutzung durch D\u00fcngemittel aus der Landwirtschaft hat viele Str\u00e4nde grundlegend ver\u00e4ndert \u2013 der Mensch ist wie immer schuld.<br><br>Die letzten Tage verbrachten wir mit nichts tun, Mexiko gefiel uns sehr. Es war auf jeden Fall nicht das letzte Mal. Danke f\u00fcr die tolle Zeit. Und das Beste: Nach drei Monaten ist unser letzte Bericht online gegangen und fast zeitgleich sind die ersten Postkarten aus Mexiko in den letzten Tagen bei einigen von euch angekommen. <br>Frohes Neues, auf die n\u00e4chsten Abenteuer!<\/p>\n\n\n\n<div style=\"height:20px\" aria-hidden=\"true\" class=\"wp-block-spacer\"><\/div>\n\n\n\n<p><strong>Der Kontakt von Tanya: <br><\/strong>WhatsApp: +52 984 322 5142<br><strong><a href=\"http:\/\/mexicotravelreisen.com\" target=\"_blank\" rel=\"noreferrer noopener\">http:\/\/mexicotravelreisen.com<\/a><\/strong><\/p>\n\n\n\n<div style=\"height:20px\" aria-hidden=\"true\" class=\"wp-block-spacer\"><\/div>\n\n\n\n<figure class=\"wp-block-image size-large\"><img loading=\"lazy\" decoding=\"async\" width=\"1024\" height=\"768\" src=\"https:\/\/rucksackblog.de\/wp-content\/uploads\/2022\/01\/87_Mexiko_19-1024x768.jpg\" alt=\"\" class=\"wp-image-5390\" srcset=\"https:\/\/www.rucksackblog.de\/wp-content\/uploads\/2022\/01\/87_Mexiko_19-1024x768.jpg 1024w, https:\/\/www.rucksackblog.de\/wp-content\/uploads\/2022\/01\/87_Mexiko_19-300x225.jpg 300w, https:\/\/www.rucksackblog.de\/wp-content\/uploads\/2022\/01\/87_Mexiko_19-768x576.jpg 768w, https:\/\/www.rucksackblog.de\/wp-content\/uploads\/2022\/01\/87_Mexiko_19-1536x1152.jpg 1536w, https:\/\/www.rucksackblog.de\/wp-content\/uploads\/2022\/01\/87_Mexiko_19-2048x1536.jpg 2048w, https:\/\/www.rucksackblog.de\/wp-content\/uploads\/2022\/01\/87_Mexiko_19-640x480.jpg 640w, https:\/\/www.rucksackblog.de\/wp-content\/uploads\/2022\/01\/87_Mexiko_19-520x390.jpg 520w, https:\/\/www.rucksackblog.de\/wp-content\/uploads\/2022\/01\/87_Mexiko_19-740x555.jpg 740w\" sizes=\"auto, (max-width: 1024px) 100vw, 1024px\" \/><\/figure>\n\n\n\n<div style=\"height:20px\" aria-hidden=\"true\" class=\"wp-block-spacer\"><\/div>\n\n\n\n<p><\/p>\n","protected":false},"excerpt":{"rendered":"<p>Das Zentrum der Mayas und Weltwunder der Moderne Tag 14.<\/p>\n","protected":false},"author":1,"featured_media":5363,"comment_status":"open","ping_status":"open","sticky":false,"template":"","format":"standard","meta":{"footnotes":""},"categories":[655,630,648],"tags":[649,653,635,652,631,654,401,637],"class_list":["post-5362","post","type-post","status-publish","format-standard","has-post-thumbnail","hentry","category-chichen-itza","category-mexiko","category-valladolid","tag-cenote","tag-cenote-sagrado","tag-chichen-itza","tag-gran-juego-de-pelota","tag-mexiko","tag-templo-de-los-guerros","tag-unesco","tag-valladolid"],"_links":{"self":[{"href":"https:\/\/www.rucksackblog.de\/index.php?rest_route=\/wp\/v2\/posts\/5362","targetHints":{"allow":["GET"]}}],"collection":[{"href":"https:\/\/www.rucksackblog.de\/index.php?rest_route=\/wp\/v2\/posts"}],"about":[{"href":"https:\/\/www.rucksackblog.de\/index.php?rest_route=\/wp\/v2\/types\/post"}],"author":[{"embeddable":true,"href":"https:\/\/www.rucksackblog.de\/index.php?rest_route=\/wp\/v2\/users\/1"}],"replies":[{"embeddable":true,"href":"https:\/\/www.rucksackblog.de\/index.php?rest_route=%2Fwp%2Fv2%2Fcomments&post=5362"}],"version-history":[{"count":10,"href":"https:\/\/www.rucksackblog.de\/index.php?rest_route=\/wp\/v2\/posts\/5362\/revisions"}],"predecessor-version":[{"id":5992,"href":"https:\/\/www.rucksackblog.de\/index.php?rest_route=\/wp\/v2\/posts\/5362\/revisions\/5992"}],"wp:featuredmedia":[{"embeddable":true,"href":"https:\/\/www.rucksackblog.de\/index.php?rest_route=\/wp\/v2\/media\/5363"}],"wp:attachment":[{"href":"https:\/\/www.rucksackblog.de\/index.php?rest_route=%2Fwp%2Fv2%2Fmedia&parent=5362"}],"wp:term":[{"taxonomy":"category","embeddable":true,"href":"https:\/\/www.rucksackblog.de\/index.php?rest_route=%2Fwp%2Fv2%2Fcategories&post=5362"},{"taxonomy":"post_tag","embeddable":true,"href":"https:\/\/www.rucksackblog.de\/index.php?rest_route=%2Fwp%2Fv2%2Ftags&post=5362"}],"curies":[{"name":"wp","href":"https:\/\/api.w.org\/{rel}","templated":true}]}}